{"id":10627,"date":"2025-05-01T20:04:43","date_gmt":"2025-05-02T02:04:43","guid":{"rendered":"https:\/\/marketingweb.com.mx\/blog\/?p=10627"},"modified":"2025-05-01T20:04:43","modified_gmt":"2025-05-02T02:04:43","slug":"tamanos-de-imagen-actualizados-para-whatsapp-facebook-instagram-y-tiktok","status":"publish","type":"post","link":"https:\/\/marketingweb.com.mx\/blog\/tamanos-de-imagen-actualizados-para-whatsapp-facebook-instagram-y-tiktok\/","title":{"rendered":"Tama\u00f1os de imagen actualizados para WhatsApp, Facebook, Instagram y TikTok"},"content":{"rendered":"<h1 style=\"text-align: center;\">Tama\u00f1os de imagen actualizados para WhatsApp, Facebook, Instagram y TikTok<\/h1>\n<h3 class=\"\" data-start=\"289\" data-end=\"364\">Gu\u00eda pr\u00e1ctica para que tus dise\u00f1os se vean perfectos en cada red social<\/h3>\n<p class=\"\" data-start=\"366\" data-end=\"522\">Hoy en d\u00eda, todos subimos im\u00e1genes a redes, pero\u2026 \u00bfsab\u00edas que si usas el tama\u00f1o incorrecto tu contenido se puede ver borroso, cortado o poco profesional? \ud83e\udd2f<\/p>\n<p class=\"\" data-start=\"524\" data-end=\"721\">Tanto si eres emprendedor, dise\u00f1ador o simplemente quieres que tus publicaciones luzcan bien, <strong data-start=\"618\" data-end=\"665\">usar los tama\u00f1os correctos en 2025 es clave<\/strong>. Aqu\u00ed te dejo una gu\u00eda clara, actualizada y sin rodeos.<\/p>\n<p data-start=\"524\" data-end=\"721\"><img fetchpriority=\"high\" decoding=\"async\" class=\"alignnone size-medium wp-image-10629\" src=\"https:\/\/marketingweb.com.mx\/blog\/wp-content\/smush-webp\/ChatGPT-Image-1-may-2025-08_02_49-p.m-213x320.png.webp\" alt=\"tama\u00f1o de imagenes para redes sociales \" width=\"213\" height=\"320\" srcset=\"https:\/\/marketingweb.com.mx\/blog\/wp-content\/smush-webp\/ChatGPT-Image-1-may-2025-08_02_49-p.m-213x320.png.webp 213w, https:\/\/marketingweb.com.mx\/blog\/wp-content\/smush-webp\/ChatGPT-Image-1-may-2025-08_02_49-p.m-427x640.png.webp 427w, https:\/\/marketingweb.com.mx\/blog\/wp-content\/smush-webp\/ChatGPT-Image-1-may-2025-08_02_49-p.m-768x1152.png.webp 768w, https:\/\/marketingweb.com.mx\/blog\/wp-content\/smush-webp\/ChatGPT-Image-1-may-2025-08_02_49-p.m.png.webp 1024w\" sizes=\"(max-width: 213px) 100vw, 213px\" \/><\/p>\n<hr class=\"\" data-start=\"723\" data-end=\"726\" \/>\n<h2 class=\"\" data-start=\"728\" data-end=\"778\">\ud83d\udfe2 WhatsApp: Im\u00e1genes que impactan en tu estado<\/h2>\n<ul data-start=\"780\" data-end=\"1087\">\n<li class=\"\" data-start=\"780\" data-end=\"1023\">\n<p class=\"\" data-start=\"782\" data-end=\"1023\"><strong data-start=\"782\" data-end=\"816\">Estado de WhatsApp (Historia):<\/strong><br data-start=\"816\" data-end=\"819\" \/>\ud83d\udc49 1080 x 1920 px (relaci\u00f3n 9:16)<br data-start=\"854\" data-end=\"857\" \/>Ejemplo real: si est\u00e1s promocionando un producto, usa este formato vertical. Un pastelero de Guadalajara logr\u00f3 25 ventas solo con estados atractivos bien dise\u00f1ados.<\/p>\n<\/li>\n<li class=\"\" data-start=\"1025\" data-end=\"1087\">\n<p class=\"\" data-start=\"1027\" data-end=\"1087\"><strong data-start=\"1027\" data-end=\"1046\">Foto de perfil:<\/strong><br data-start=\"1046\" data-end=\"1049\" \/>\ud83d\udc49 500 x 500 px (cuadrada, centrada)<\/p>\n<\/li>\n<\/ul>\n<hr class=\"\" data-start=\"1089\" data-end=\"1092\" \/>\n<h2 class=\"\" data-start=\"1094\" data-end=\"1138\">\ud83d\udd35 Facebook: El cl\u00e1sico que sigue vigente<\/h2>\n<ul data-start=\"1140\" data-end=\"1562\">\n<li class=\"\" data-start=\"1140\" data-end=\"1366\">\n<p class=\"\" data-start=\"1142\" data-end=\"1366\"><strong data-start=\"1142\" data-end=\"1189\">Foto de portada (perfil personal o p\u00e1gina):<\/strong><br data-start=\"1189\" data-end=\"1192\" \/>\ud83d\udc49 820 x 312 px (no uses texto en los bordes, se corta en celular)<br data-start=\"1260\" data-end=\"1263\" \/>Tip: un bar en CDMX perdi\u00f3 reservas porque su tel\u00e9fono estaba en una esquina que no se ve\u00eda en m\u00f3vil.<\/p>\n<\/li>\n<li class=\"\" data-start=\"1368\" data-end=\"1487\">\n<p class=\"\" data-start=\"1370\" data-end=\"1487\"><strong data-start=\"1370\" data-end=\"1408\">Publicaci\u00f3n con imagen horizontal:<\/strong><br data-start=\"1408\" data-end=\"1411\" \/>\ud83d\udc49 1200 x 630 px<br data-start=\"1429\" data-end=\"1432\" \/>(ideal para noticias, promociones o frases con fondo)<\/p>\n<\/li>\n<li class=\"\" data-start=\"1489\" data-end=\"1562\">\n<p class=\"\" data-start=\"1491\" data-end=\"1562\"><strong data-start=\"1491\" data-end=\"1512\">Historia (story):<\/strong><br data-start=\"1512\" data-end=\"1515\" \/>\ud83d\udc49 1080 x 1920 px (misma medida que WhatsApp)<\/p>\n<\/li>\n<\/ul>\n<hr class=\"\" data-start=\"1564\" data-end=\"1567\" \/>\n<h2 class=\"\" data-start=\"1569\" data-end=\"1609\">\ud83d\udcf8 Instagram: Todo entra por los ojos<\/h2>\n<ul data-start=\"1611\" data-end=\"1998\">\n<li class=\"\" data-start=\"1611\" data-end=\"1798\">\n<p class=\"\" data-start=\"1613\" data-end=\"1798\"><strong data-start=\"1613\" data-end=\"1638\">Publicaci\u00f3n cuadrada:<\/strong><br data-start=\"1638\" data-end=\"1641\" \/>\ud83d\udc49 1080 x 1080 px (la m\u00e1s usada)<br data-start=\"1675\" data-end=\"1678\" \/>Tip: una florer\u00eda de Monterrey aument\u00f3 40% sus seguidores al uniformar su feed con im\u00e1genes cuadradas, bien centradas.<\/p>\n<\/li>\n<li class=\"\" data-start=\"1800\" data-end=\"1865\">\n<p class=\"\" data-start=\"1802\" data-end=\"1865\"><strong data-start=\"1802\" data-end=\"1843\">Publicaci\u00f3n vertical (mejor alcance):<\/strong><br data-start=\"1843\" data-end=\"1846\" \/>\ud83d\udc49 1080 x 1350 px<\/p>\n<\/li>\n<li class=\"\" data-start=\"1867\" data-end=\"1998\">\n<p class=\"\" data-start=\"1869\" data-end=\"1998\"><strong data-start=\"1869\" data-end=\"1891\">Historias y Reels:<\/strong><br data-start=\"1891\" data-end=\"1894\" \/>\ud83d\udc49 1080 x 1920 px<br data-start=\"1913\" data-end=\"1916\" \/>(usa la zona central para texto e im\u00e1genes clave, \u00a1Instagram corta las orillas!)<\/p>\n<\/li>\n<\/ul>\n<hr class=\"\" data-start=\"2000\" data-end=\"2003\" \/>\n<h2 class=\"\" data-start=\"2005\" data-end=\"2044\">\ud83c\udfb5 TikTok: Videos virales y visuales<\/h2>\n<ul data-start=\"2046\" data-end=\"2225\">\n<li class=\"\" data-start=\"2046\" data-end=\"2225\">\n<p class=\"\" data-start=\"2048\" data-end=\"2225\"><strong data-start=\"2048\" data-end=\"2076\">Video o imagen vertical:<\/strong><br data-start=\"2076\" data-end=\"2079\" \/>\ud83d\udc49 1080 x 1920 px<br data-start=\"2098\" data-end=\"2101\" \/>Tip real: un restaurante en Canc\u00fan viraliz\u00f3 un plato de mariscos con solo mostrarlo en formato vertical + m\u00fasica pegajosa.<\/p>\n<\/li>\n<\/ul>\n","protected":false},"excerpt":{"rendered":"<p>Usar los tama\u00f1os correctos no es un lujo, es una estrategia inteligente. Tus im\u00e1genes son tu carta de presentaci\u00f3n, y m\u00e1s cuando est\u00e1s vendiendo, informando o simplemente compartiendo algo importante.<\/p>\n","protected":false},"author":18,"featured_media":10628,"comment_status":"open","ping_status":"closed","sticky":false,"template":"","format":"standard","meta":{"site-sidebar-layout":"default","site-content-layout":"default","ast-global-header-display":"","ast-main-header-display":"","ast-hfb-above-header-display":"","ast-hfb-below-header-display":"","ast-hfb-mobile-header-display":"","site-post-title":"","ast-breadcrumbs-content":"","ast-featured-img":"","footer-sml-layout":"","theme-transparent-header-meta":"default","adv-header-id-meta":"","stick-header-meta":"","header-above-stick-meta":"","header-main-stick-meta":"","header-below-stick-meta":"","_joinchat":[],"footnotes":""},"categories":[56,55],"tags":[2150,2151,2149,2153,2154,2152],"class_list":["post-10627","post","type-post","status-publish","format-standard","has-post-thumbnail","hentry","category-marketing","category-diseno-web","tag-facebook","tag-instagram-y-tiktok","tag-tamanos-de-imagen-2025-para-whatsapp","tag-tamanos-de-imagen-facebook","tag-tamanos-de-imagen-instagram","tag-tamanos-de-imagen-tiktok"],"_links":{"self":[{"href":"https:\/\/marketingweb.com.mx\/blog\/wp-json\/wp\/v2\/posts\/10627","targetHints":{"allow":["GET"]}}],"collection":[{"href":"https:\/\/marketingweb.com.mx\/blog\/wp-json\/wp\/v2\/posts"}],"about":[{"href":"https:\/\/marketingweb.com.mx\/blog\/wp-json\/wp\/v2\/types\/post"}],"author":[{"embeddable":true,"href":"https:\/\/marketingweb.com.mx\/blog\/wp-json\/wp\/v2\/users\/18"}],"replies":[{"embeddable":true,"href":"https:\/\/marketingweb.com.mx\/blog\/wp-json\/wp\/v2\/comments?post=10627"}],"version-history":[{"count":2,"href":"https:\/\/marketingweb.com.mx\/blog\/wp-json\/wp\/v2\/posts\/10627\/revisions"}],"predecessor-version":[{"id":10631,"href":"https:\/\/marketingweb.com.mx\/blog\/wp-json\/wp\/v2\/posts\/10627\/revisions\/10631"}],"wp:featuredmedia":[{"embeddable":true,"href":"https:\/\/marketingweb.com.mx\/blog\/wp-json\/wp\/v2\/media\/10628"}],"wp:attachment":[{"href":"https:\/\/marketingweb.com.mx\/blog\/wp-json\/wp\/v2\/media?parent=10627"}],"wp:term":[{"taxonomy":"category","embeddable":true,"href":"https:\/\/marketingweb.com.mx\/blog\/wp-json\/wp\/v2\/categories?post=10627"},{"taxonomy":"post_tag","embeddable":true,"href":"https:\/\/marketingweb.com.mx\/blog\/wp-json\/wp\/v2\/tags?post=10627"}],"curies":[{"name":"wp","href":"https:\/\/api.w.org\/{rel}","templated":true}]}}